{"id":6716,"date":"2026-04-27T19:32:48","date_gmt":"2026-04-27T17:32:48","guid":{"rendered":"https:\/\/vskirchschlag.ac.at\/wp\/?p=6716"},"modified":"2026-04-27T19:36:03","modified_gmt":"2026-04-27T17:36:03","slug":"bezirksjugendsingen-2","status":"publish","type":"post","link":"https:\/\/vskirchschlag.ac.at\/wp\/2026\/04\/27\/bezirksjugendsingen-2\/","title":{"rendered":"Bezirksjugendsingen"},"content":{"rendered":"\n<p>Am 9. April nahm der Chor der Volksschule am <strong>Bezirksjugendsingen 2026<\/strong> in Kirchschlag teil. Gemeinsam mit \u00fcber 300 anderen Kindern pr\u00e4sentierten wir unsere einstudierten Lieder mit viel Engagement auf der gro\u00dfen B\u00fchne.<\/p>\n\n\n\n<p>Ein toller H\u00f6hepunkt war der gemeinsame Abschluss: Beim Song \u201eAll in\u201c von den F\u00e4aschtb\u00e4nklern sangen und tanzten das gesamte Publikum und alle Beteiligten im Passionsspielhaus mit, was f\u00fcr eine gro\u00dfartige Stimmung sorgte.<\/p>\n\n\n\n<p>Ein Dankesch\u00f6n gilt dem Elternverein der Mittelschule f\u00fcr die Verpflegung. Wir gratulieren allen Kindern zu ihrem tollen Auftritt!<\/p>\n\n\n\n<figure class=\"wp-block-image size-large\"><img loading=\"lazy\" decoding=\"async\" width=\"1024\" height=\"393\" src=\"https:\/\/vskirchschlag.ac.at\/wp\/wp-content\/uploads\/2026\/04\/K800_Bezirksjugendsingen2-1024x393.jpg\" alt=\"\" class=\"wp-image-6719\" srcset=\"https:\/\/vskirchschlag.ac.at\/wp\/wp-content\/uploads\/2026\/04\/K800_Bezirksjugendsingen2-1024x393.jpg 1024w, https:\/\/vskirchschlag.ac.at\/wp\/wp-content\/uploads\/2026\/04\/K800_Bezirksjugendsingen2-300x115.jpg 300w, https:\/\/vskirchschlag.ac.at\/wp\/wp-content\/uploads\/2026\/04\/K800_Bezirksjugendsingen2-768x295.jpg 768w, https:\/\/vskirchschlag.ac.at\/wp\/wp-content\/uploads\/2026\/04\/K800_Bezirksjugendsingen2-1536x589.jpg 1536w, https:\/\/vskirchschlag.ac.at\/wp\/wp-content\/uploads\/2026\/04\/K800_Bezirksjugendsingen2.jpg 1564w\" sizes=\"auto, (max-width: 1024px) 100vw, 1024px\" \/><\/figure>\n\n\n\n<figure class=\"wp-block-image size-full\"><img loading=\"lazy\" decoding=\"async\" width=\"900\" height=\"600\" src=\"https:\/\/vskirchschlag.ac.at\/wp\/wp-content\/uploads\/2026\/04\/K800_Bezirksjugendsingen1.jpg\" alt=\"\" class=\"wp-image-6720\" srcset=\"https:\/\/vskirchschlag.ac.at\/wp\/wp-content\/uploads\/2026\/04\/K800_Bezirksjugendsingen1.jpg 900w, https:\/\/vskirchschlag.ac.at\/wp\/wp-content\/uploads\/2026\/04\/K800_Bezirksjugendsingen1-300x200.jpg 300w, https:\/\/vskirchschlag.ac.at\/wp\/wp-content\/uploads\/2026\/04\/K800_Bezirksjugendsingen1-768x512.jpg 768w\" sizes=\"auto, (max-width: 900px) 100vw, 900px\" \/><\/figure>\n\n\n\n<figure class=\"wp-block-image size-full\"><img loading=\"lazy\" decoding=\"async\" width=\"900\" height=\"600\" src=\"https:\/\/vskirchschlag.ac.at\/wp\/wp-content\/uploads\/2026\/04\/K800_Bezirksjugendsingen3.jpg\" alt=\"\" class=\"wp-image-6718\" srcset=\"https:\/\/vskirchschlag.ac.at\/wp\/wp-content\/uploads\/2026\/04\/K800_Bezirksjugendsingen3.jpg 900w, https:\/\/vskirchschlag.ac.at\/wp\/wp-content\/uploads\/2026\/04\/K800_Bezirksjugendsingen3-300x200.jpg 300w, https:\/\/vskirchschlag.ac.at\/wp\/wp-content\/uploads\/2026\/04\/K800_Bezirksjugendsingen3-768x512.jpg 768w\" sizes=\"auto, (max-width: 900px) 100vw, 900px\" \/><\/figure>\n","protected":false},"excerpt":{"rendered":"<p>Am 9. April nahm der Chor der Volksschule am Bezirksjugendsingen 2026 in Kirchschlag teil. Gemeinsam mit \u00fcber 300 anderen Kindern pr\u00e4sentierten wir unsere einstudierten Lieder mit viel Engagement auf der gro\u00dfen B\u00fchne. Ein toller H\u00f6hepunkt war der gemeinsame Abschluss: Beim Song \u201eAll in\u201c von den F\u00e4aschtb\u00e4nklern sangen und tanzten das gesamte Publikum und alle Beteiligten &hellip; <a href=\"https:\/\/vskirchschlag.ac.at\/wp\/2026\/04\/27\/bezirksjugendsingen-2\/\" class=\"more-link\"><span class=\"screen-reader-text\">Bezirksjugendsingen<\/span> weiterlesen <span class=\"meta-nav\">&rarr;<\/span><\/a><\/p>\n","protected":false},"author":5,"featured_media":0,"comment_status":"closed","ping_status":"closed","sticky":false,"template":"","format":"standard","meta":{"footnotes":""},"categories":[1],"tags":[],"class_list":["post-6716","post","type-post","status-publish","format-standard","hentry","category-allgemein"],"_links":{"self":[{"href":"https:\/\/vskirchschlag.ac.at\/wp\/wp-json\/wp\/v2\/posts\/6716","targetHints":{"allow":["GET"]}}],"collection":[{"href":"https:\/\/vskirchschlag.ac.at\/wp\/wp-json\/wp\/v2\/posts"}],"about":[{"href":"https:\/\/vskirchschlag.ac.at\/wp\/wp-json\/wp\/v2\/types\/post"}],"author":[{"embeddable":true,"href":"https:\/\/vskirchschlag.ac.at\/wp\/wp-json\/wp\/v2\/users\/5"}],"replies":[{"embeddable":true,"href":"https:\/\/vskirchschlag.ac.at\/wp\/wp-json\/wp\/v2\/comments?post=6716"}],"version-history":[{"count":2,"href":"https:\/\/vskirchschlag.ac.at\/wp\/wp-json\/wp\/v2\/posts\/6716\/revisions"}],"predecessor-version":[{"id":6721,"href":"https:\/\/vskirchschlag.ac.at\/wp\/wp-json\/wp\/v2\/posts\/6716\/revisions\/6721"}],"wp:attachment":[{"href":"https:\/\/vskirchschlag.ac.at\/wp\/wp-json\/wp\/v2\/media?parent=6716"}],"wp:term":[{"taxonomy":"category","embeddable":true,"href":"https:\/\/vskirchschlag.ac.at\/wp\/wp-json\/wp\/v2\/categories?post=6716"},{"taxonomy":"post_tag","embeddable":true,"href":"https:\/\/vskirchschlag.ac.at\/wp\/wp-json\/wp\/v2\/tags?post=6716"}],"curies":[{"name":"wp","href":"https:\/\/api.w.org\/{rel}","templated":true}]}}